{"id":1553,"date":"2016-07-21T18:01:14","date_gmt":"2016-07-21T17:01:14","guid":{"rendered":"http:\/\/surlechemindesmots.fr\/?p=1553"},"modified":"2016-08-01T22:56:20","modified_gmt":"2016-08-01T21:56:20","slug":"blog-lautre-maillot-jaune","status":"publish","type":"post","link":"https:\/\/surlechemindesmots.fr\/index.php\/2016\/07\/21\/blog-lautre-maillot-jaune\/","title":{"rendered":"BLOG &#8211; L&#8217;ironie du sport"},"content":{"rendered":"<p style=\"text-align: justify;\"><img loading=\"lazy\" decoding=\"async\" class=\"alignleft size-thumbnail wp-image-1558\" src=\"https:\/\/surlechemindesmots.fr\/wp-content\/uploads\/2016\/07\/th98ZPZLGU-123x150.jpg\" alt=\"th98ZPZLGU\" width=\"123\" height=\"150\" \/><strong>France T\u00e9l\u00e9visions a rendu hommage le mardi 19 juillet apr\u00e8s-midi \u2013 jour de repos pour les cyclistes du Tour de France \u2013 \u00e0 un \u00e9crivain qui pr\u00e9f\u00e9rait le maillot jaune \u00e0 l\u2019habit vert des immortels de l\u2019Acad\u00e9mie fran\u00e7aise\u00a0: Antoine Blondin.<\/strong><\/p>\n<p style=\"text-align: justify;\">Le documentaire sign\u00e9 Christophe Duchiron \u00ab\u00a0livre\u00a0\u00bb un portrait sensible de cet esth\u00e8te des mots, d\u00e9senchant\u00e9 et truculent, grand buveur devant l&#8217;\u00e9ternel\u2026 L&#8217;une des s\u00e9quences les plus passionnantes raconte son rapport \u00e0 l&#8217;\u00e9criture. Comme romancier. Et comme chroniqueur sportif. L\u2019auteur d\u2019<em>Un singe en hiver<\/em> (adapt\u00e9 au cin\u00e9ma et immortalis\u00e9 par les interpr\u00e9tations de Jean Gabin et Jean-Paul Belmondo) a en effet \u00e9crit le roman\u2026 \u00a0de La Grande Boucle\u00a0: cinq cent vingt-quatre chroniques publi\u00e9es dans le quotidien <em>L\u2019Equipe, <\/em>entre 1954 et 1982.<\/p>\n<p style=\"text-align: justify;\">Au cours de ces vingt-huit ann\u00e9es de p\u00e9r\u00e9grinations sportives, au rythme de son humeur (humour) vagabonde, Antoine Blondin s\u2019est int\u00e9ress\u00e9 \u00e0 beaucoup d\u2019autres disciplines : l\u2019athl\u00e9tisme, l\u2019aviron, le basket-ball, le bobsleigh, la boxe, le cano\u00eb-kayak, le cyclisme sur route et sur piste, l\u2019\u00e9quitation, l\u2019escrime, le football, la gymnastique, les halt\u00e8res, le judo, la lutte, la natation, le patinage artistique, le rugby, le saut \u00e0 skis, le ski alpin, le tennis et le tir. Excusez du peu. Cet \u00e9tonnant floril\u00e8ge est r\u00e9uni dans un ouvrage qui a \u00e9t\u00e9 publi\u00e9 en 1988, <em>L\u2019ironie du sport<\/em>. Je dois vous l\u2019avouer\u00a0: c\u2019est l\u2019un de mes livres de chevet.<\/p>\n<p style=\"text-align: justify;\">Il est certainement possible de revoir ce documentaire de Christophe Duchiron (sur internet), mais je n\u2019ai pas encore trouv\u00e9 comment. D\u00e9sol\u00e9. En attendant (un lien\u2026), courez vite chez votre libraire pr\u00e9f\u00e9r\u00e9 ou \u00e0 la m\u00e9diath\u00e8que la plus proche de chez vous\u00a0: car Blondin, de toute fa\u00e7on\u2026 c\u2019est encore mieux en le lisant\u00a0!<\/p>\n<p>&nbsp;<\/p>\n","protected":false},"excerpt":{"rendered":"<p>France T\u00e9l\u00e9visions a rendu hommage le mardi 19 juillet apr\u00e8s-midi \u2013 jour de repos pour les cyclistes du Tour de France \u2013 \u00e0 un \u00e9crivain qui pr\u00e9f\u00e9rait le maillot jaune \u00e0 l\u2019habit vert des immortels de l\u2019Acad\u00e9mie fran\u00e7aise\u00a0: Antoine Blondin. Le documentaire sign\u00e9 Christophe Duchiron \u00ab\u00a0livre\u00a0\u00bb un portrait sensible de cet esth\u00e8te des mots, d\u00e9senchant\u00e9 [&hellip;]<\/p>\n","protected":false},"author":1,"featured_media":0,"comment_status":"open","ping_status":"open","sticky":false,"template":"","format":"standard","meta":{"_et_pb_use_builder":"","_et_pb_old_content":"","_et_gb_content_width":"","footnotes":""},"categories":[8],"tags":[],"yoast_head":"<!-- This site is optimized with the Yoast SEO plugin v22.5 - https:\/\/yoast.com\/wordpress\/plugins\/seo\/ -->\n<title>BLOG - L&#039;ironie du sport - Sur le chemin des mots<\/title>\n<meta name=\"robots\" content=\"index, follow, max-snippet:-1, max-image-preview:large, max-video-preview:-1\" \/>\n<link rel=\"canonical\" href=\"https:\/\/surlechemindesmots.fr\/index.php\/2016\/07\/21\/blog-lautre-maillot-jaune\/\" \/>\n<meta property=\"og:locale\" content=\"fr_FR\" \/>\n<meta property=\"og:type\" content=\"article\" \/>\n<meta property=\"og:title\" content=\"BLOG - L&#039;ironie du sport - Sur le chemin des mots\" \/>\n<meta property=\"og:description\" content=\"France T\u00e9l\u00e9visions a rendu hommage le mardi 19 juillet apr\u00e8s-midi \u2013 jour de repos pour les cyclistes du Tour de France \u2013 \u00e0 un \u00e9crivain qui pr\u00e9f\u00e9rait le maillot jaune \u00e0 l\u2019habit vert des immortels de l\u2019Acad\u00e9mie fran\u00e7aise\u00a0: Antoine Blondin. Le documentaire sign\u00e9 Christophe Duchiron \u00ab\u00a0livre\u00a0\u00bb un portrait sensible de cet esth\u00e8te des mots, d\u00e9senchant\u00e9 [&hellip;]\" \/>\n<meta property=\"og:url\" content=\"https:\/\/surlechemindesmots.fr\/index.php\/2016\/07\/21\/blog-lautre-maillot-jaune\/\" \/>\n<meta property=\"og:site_name\" content=\"Sur le chemin des mots\" \/>\n<meta property=\"article:published_time\" content=\"2016-07-21T17:01:14+00:00\" \/>\n<meta property=\"article:modified_time\" content=\"2016-08-01T21:56:20+00:00\" \/>\n<meta property=\"og:image\" content=\"http:\/\/surlechemindesmots.fr\/wp-content\/uploads\/2016\/07\/th98ZPZLGU-123x150.jpg\" \/>\n<meta name=\"author\" content=\"admin6725\" \/>\n<meta name=\"twitter:card\" content=\"summary_large_image\" \/>\n<meta name=\"twitter:label1\" content=\"\u00c9crit par\" \/>\n\t<meta name=\"twitter:data1\" content=\"admin6725\" \/>\n\t<meta name=\"twitter:label2\" content=\"Dur\u00e9e de lecture estim\u00e9e\" \/>\n\t<meta name=\"twitter:data2\" content=\"2 minutes\" \/>\n<script type=\"application\/ld+json\" class=\"yoast-schema-graph\">{\"@context\":\"https:\/\/schema.org\",\"@graph\":[{\"@type\":\"WebPage\",\"@id\":\"https:\/\/surlechemindesmots.fr\/index.php\/2016\/07\/21\/blog-lautre-maillot-jaune\/\",\"url\":\"https:\/\/surlechemindesmots.fr\/index.php\/2016\/07\/21\/blog-lautre-maillot-jaune\/\",\"name\":\"BLOG - L'ironie du sport - Sur le chemin des mots\",\"isPartOf\":{\"@id\":\"https:\/\/surlechemindesmots.fr\/#website\"},\"primaryImageOfPage\":{\"@id\":\"https:\/\/surlechemindesmots.fr\/index.php\/2016\/07\/21\/blog-lautre-maillot-jaune\/#primaryimage\"},\"image\":{\"@id\":\"https:\/\/surlechemindesmots.fr\/index.php\/2016\/07\/21\/blog-lautre-maillot-jaune\/#primaryimage\"},\"thumbnailUrl\":\"http:\/\/surlechemindesmots.fr\/wp-content\/uploads\/2016\/07\/th98ZPZLGU-123x150.jpg\",\"datePublished\":\"2016-07-21T17:01:14+00:00\",\"dateModified\":\"2016-08-01T21:56:20+00:00\",\"author\":{\"@id\":\"https:\/\/surlechemindesmots.fr\/#\/schema\/person\/da8025621f87eae67bec096ad691f696\"},\"breadcrumb\":{\"@id\":\"https:\/\/surlechemindesmots.fr\/index.php\/2016\/07\/21\/blog-lautre-maillot-jaune\/#breadcrumb\"},\"inLanguage\":\"fr-FR\",\"potentialAction\":[{\"@type\":\"ReadAction\",\"target\":[\"https:\/\/surlechemindesmots.fr\/index.php\/2016\/07\/21\/blog-lautre-maillot-jaune\/\"]}]},{\"@type\":\"ImageObject\",\"inLanguage\":\"fr-FR\",\"@id\":\"https:\/\/surlechemindesmots.fr\/index.php\/2016\/07\/21\/blog-lautre-maillot-jaune\/#primaryimage\",\"url\":\"http:\/\/surlechemindesmots.fr\/wp-content\/uploads\/2016\/07\/th98ZPZLGU-123x150.jpg\",\"contentUrl\":\"http:\/\/surlechemindesmots.fr\/wp-content\/uploads\/2016\/07\/th98ZPZLGU-123x150.jpg\"},{\"@type\":\"BreadcrumbList\",\"@id\":\"https:\/\/surlechemindesmots.fr\/index.php\/2016\/07\/21\/blog-lautre-maillot-jaune\/#breadcrumb\",\"itemListElement\":[{\"@type\":\"ListItem\",\"position\":1,\"name\":\"Accueil\",\"item\":\"https:\/\/surlechemindesmots.fr\/\"},{\"@type\":\"ListItem\",\"position\":2,\"name\":\"BLOG &#8211; L&#8217;ironie du sport\"}]},{\"@type\":\"WebSite\",\"@id\":\"https:\/\/surlechemindesmots.fr\/#website\",\"url\":\"https:\/\/surlechemindesmots.fr\/\",\"name\":\"Sur le chemin des mots\",\"description\":\"\",\"potentialAction\":[{\"@type\":\"SearchAction\",\"target\":{\"@type\":\"EntryPoint\",\"urlTemplate\":\"https:\/\/surlechemindesmots.fr\/?s={search_term_string}\"},\"query-input\":\"required name=search_term_string\"}],\"inLanguage\":\"fr-FR\"},{\"@type\":\"Person\",\"@id\":\"https:\/\/surlechemindesmots.fr\/#\/schema\/person\/da8025621f87eae67bec096ad691f696\",\"name\":\"admin6725\",\"image\":{\"@type\":\"ImageObject\",\"inLanguage\":\"fr-FR\",\"@id\":\"https:\/\/surlechemindesmots.fr\/#\/schema\/person\/image\/\",\"url\":\"https:\/\/secure.gravatar.com\/avatar\/bdc8c1f1937cce0767f29507d214f032?s=96&d=mm&r=g\",\"contentUrl\":\"https:\/\/secure.gravatar.com\/avatar\/bdc8c1f1937cce0767f29507d214f032?s=96&d=mm&r=g\",\"caption\":\"admin6725\"},\"url\":\"https:\/\/surlechemindesmots.fr\/index.php\/author\/admin6725\/\"}]}<\/script>\n<!-- \/ Yoast SEO plugin. -->","yoast_head_json":{"title":"BLOG - L'ironie du sport - Sur le chemin des mots","robots":{"index":"index","follow":"follow","max-snippet":"max-snippet:-1","max-image-preview":"max-image-preview:large","max-video-preview":"max-video-preview:-1"},"canonical":"https:\/\/surlechemindesmots.fr\/index.php\/2016\/07\/21\/blog-lautre-maillot-jaune\/","og_locale":"fr_FR","og_type":"article","og_title":"BLOG - L'ironie du sport - Sur le chemin des mots","og_description":"France T\u00e9l\u00e9visions a rendu hommage le mardi 19 juillet apr\u00e8s-midi \u2013 jour de repos pour les cyclistes du Tour de France \u2013 \u00e0 un \u00e9crivain qui pr\u00e9f\u00e9rait le maillot jaune \u00e0 l\u2019habit vert des immortels de l\u2019Acad\u00e9mie fran\u00e7aise\u00a0: Antoine Blondin. Le documentaire sign\u00e9 Christophe Duchiron \u00ab\u00a0livre\u00a0\u00bb un portrait sensible de cet esth\u00e8te des mots, d\u00e9senchant\u00e9 [&hellip;]","og_url":"https:\/\/surlechemindesmots.fr\/index.php\/2016\/07\/21\/blog-lautre-maillot-jaune\/","og_site_name":"Sur le chemin des mots","article_published_time":"2016-07-21T17:01:14+00:00","article_modified_time":"2016-08-01T21:56:20+00:00","og_image":[{"url":"http:\/\/surlechemindesmots.fr\/wp-content\/uploads\/2016\/07\/th98ZPZLGU-123x150.jpg"}],"author":"admin6725","twitter_card":"summary_large_image","twitter_misc":{"\u00c9crit par":"admin6725","Dur\u00e9e de lecture estim\u00e9e":"2 minutes"},"schema":{"@context":"https:\/\/schema.org","@graph":[{"@type":"WebPage","@id":"https:\/\/surlechemindesmots.fr\/index.php\/2016\/07\/21\/blog-lautre-maillot-jaune\/","url":"https:\/\/surlechemindesmots.fr\/index.php\/2016\/07\/21\/blog-lautre-maillot-jaune\/","name":"BLOG - L'ironie du sport - Sur le chemin des mots","isPartOf":{"@id":"https:\/\/surlechemindesmots.fr\/#website"},"primaryImageOfPage":{"@id":"https:\/\/surlechemindesmots.fr\/index.php\/2016\/07\/21\/blog-lautre-maillot-jaune\/#primaryimage"},"image":{"@id":"https:\/\/surlechemindesmots.fr\/index.php\/2016\/07\/21\/blog-lautre-maillot-jaune\/#primaryimage"},"thumbnailUrl":"http:\/\/surlechemindesmots.fr\/wp-content\/uploads\/2016\/07\/th98ZPZLGU-123x150.jpg","datePublished":"2016-07-21T17:01:14+00:00","dateModified":"2016-08-01T21:56:20+00:00","author":{"@id":"https:\/\/surlechemindesmots.fr\/#\/schema\/person\/da8025621f87eae67bec096ad691f696"},"breadcrumb":{"@id":"https:\/\/surlechemindesmots.fr\/index.php\/2016\/07\/21\/blog-lautre-maillot-jaune\/#breadcrumb"},"inLanguage":"fr-FR","potentialAction":[{"@type":"ReadAction","target":["https:\/\/surlechemindesmots.fr\/index.php\/2016\/07\/21\/blog-lautre-maillot-jaune\/"]}]},{"@type":"ImageObject","inLanguage":"fr-FR","@id":"https:\/\/surlechemindesmots.fr\/index.php\/2016\/07\/21\/blog-lautre-maillot-jaune\/#primaryimage","url":"http:\/\/surlechemindesmots.fr\/wp-content\/uploads\/2016\/07\/th98ZPZLGU-123x150.jpg","contentUrl":"http:\/\/surlechemindesmots.fr\/wp-content\/uploads\/2016\/07\/th98ZPZLGU-123x150.jpg"},{"@type":"BreadcrumbList","@id":"https:\/\/surlechemindesmots.fr\/index.php\/2016\/07\/21\/blog-lautre-maillot-jaune\/#breadcrumb","itemListElement":[{"@type":"ListItem","position":1,"name":"Accueil","item":"https:\/\/surlechemindesmots.fr\/"},{"@type":"ListItem","position":2,"name":"BLOG &#8211; L&#8217;ironie du sport"}]},{"@type":"WebSite","@id":"https:\/\/surlechemindesmots.fr\/#website","url":"https:\/\/surlechemindesmots.fr\/","name":"Sur le chemin des mots","description":"","potentialAction":[{"@type":"SearchAction","target":{"@type":"EntryPoint","urlTemplate":"https:\/\/surlechemindesmots.fr\/?s={search_term_string}"},"query-input":"required name=search_term_string"}],"inLanguage":"fr-FR"},{"@type":"Person","@id":"https:\/\/surlechemindesmots.fr\/#\/schema\/person\/da8025621f87eae67bec096ad691f696","name":"admin6725","image":{"@type":"ImageObject","inLanguage":"fr-FR","@id":"https:\/\/surlechemindesmots.fr\/#\/schema\/person\/image\/","url":"https:\/\/secure.gravatar.com\/avatar\/bdc8c1f1937cce0767f29507d214f032?s=96&d=mm&r=g","contentUrl":"https:\/\/secure.gravatar.com\/avatar\/bdc8c1f1937cce0767f29507d214f032?s=96&d=mm&r=g","caption":"admin6725"},"url":"https:\/\/surlechemindesmots.fr\/index.php\/author\/admin6725\/"}]}},"_links":{"self":[{"href":"https:\/\/surlechemindesmots.fr\/index.php\/wp-json\/wp\/v2\/posts\/1553"}],"collection":[{"href":"https:\/\/surlechemindesmots.fr\/index.php\/wp-json\/wp\/v2\/posts"}],"about":[{"href":"https:\/\/surlechemindesmots.fr\/index.php\/wp-json\/wp\/v2\/types\/post"}],"author":[{"embeddable":true,"href":"https:\/\/surlechemindesmots.fr\/index.php\/wp-json\/wp\/v2\/users\/1"}],"replies":[{"embeddable":true,"href":"https:\/\/surlechemindesmots.fr\/index.php\/wp-json\/wp\/v2\/comments?post=1553"}],"version-history":[{"count":7,"href":"https:\/\/surlechemindesmots.fr\/index.php\/wp-json\/wp\/v2\/posts\/1553\/revisions"}],"predecessor-version":[{"id":1626,"href":"https:\/\/surlechemindesmots.fr\/index.php\/wp-json\/wp\/v2\/posts\/1553\/revisions\/1626"}],"wp:attachment":[{"href":"https:\/\/surlechemindesmots.fr\/index.php\/wp-json\/wp\/v2\/media?parent=1553"}],"wp:term":[{"taxonomy":"category","embeddable":true,"href":"https:\/\/surlechemindesmots.fr\/index.php\/wp-json\/wp\/v2\/categories?post=1553"},{"taxonomy":"post_tag","embeddable":true,"href":"https:\/\/surlechemindesmots.fr\/index.php\/wp-json\/wp\/v2\/tags?post=1553"}],"curies":[{"name":"wp","href":"https:\/\/api.w.org\/{rel}","templated":true}]}}