{"id":1762,"date":"2016-10-25T11:06:05","date_gmt":"2016-10-25T10:06:05","guid":{"rendered":"http:\/\/surlechemindesmots.fr\/?p=1762"},"modified":"2016-11-18T23:07:45","modified_gmt":"2016-11-18T22:07:45","slug":"blog-faute-3","status":"publish","type":"post","link":"https:\/\/surlechemindesmots.fr\/index.php\/2016\/10\/25\/blog-faute-3\/","title":{"rendered":"BLOG &#8211; Sans faute (3)"},"content":{"rendered":"<p>Quelques devoirs de vacances&#8230;\u00a0Cinq phrases, cinq erreurs. Et la question pi\u00e8ge de la semaine : faut-il \u00e9crire ballade ou balade ? Si vous \u00eates un habitu\u00e9 de ma Page Facebook<em>\u00a0&#8211;<\/em>\u00a0<a href=\"https:\/\/www.facebook.com\/EcrivainBiographe\/\">www.facebook.com\/EcrivainBiographe\/<\/a> &#8211; vous avez d\u00e9j\u00e0 lu (et entendu) la r\u00e9ponse.<\/p>\n<ol>\n<li>Ce cours de philo nous incite \u00e0 penser diff\u00e9ramment.<\/li>\n<li>La stagiaire est toute \u00e9pat\u00e9e de l\u2019assurance dont tu fais preuve avec les clients.<\/li>\n<li>Ci-joints les formulaires \u00e0 compl\u00e9ter.<\/li>\n<li>Tu devrais adresser directement ta r\u00e9clamation au fabriquant.<\/li>\n<li>As-tu vu l\u2019heure\u00a0? Tu n\u2019\u00e9tais pas sens\u00e9 rentrer si tard.<\/li>\n<\/ol>\n<p>Les r\u00e9ponses \u00e0 lire la semaine prochaine ou en m\u2019\u00e9crivant \u00e0\u00a0: <a href=\"mailto:contact@surlechemindesmots.fr\">contact@surlechemindesmots.fr<\/a><\/p>\n<p>Au \u00ab\u00a0Sans faute \u00bb de la semaine derni\u00e8re, il fallait \u00e9crire :<\/p>\n<ol>\n<li>Cet \u00e9l\u00e8ve excelle dans toutes les mati\u00e8res, <strong>hormis<\/strong> en anglais.<\/li>\n<li>Vous vous <strong>contredisez<\/strong>, cher ami\u00a0!<\/li>\n<li>Le <strong>diagnostic<\/strong> du m\u00e9decin l\u2019a compl\u00e8tement rassur\u00e9.<\/li>\n<li>Il <strong>peut \u00eatre<\/strong> dangereux de trop s\u2019approcher.<\/li>\n<li>Il se <strong>croit<\/strong> plus fort que tous les autres concurrents.<\/li>\n<\/ol>\n<p>Et voici la r\u00e9ponse \u00e0 la &#8220;question pi\u00e8ge&#8221; : 1,5 kilom\u00e8tre ou 1,5 kilom\u00e8tres\u00a0?<\/p>\n<p>En fran\u00e7ais (contrairement \u00e0 l\u2019anglais), la marque du pluriel ne s\u2019inscrit qu\u2019\u00e0 compter de deux unit\u00e9s. <em>J\u2019avais 1, 99 euro dans mon porte-monnaie et la baguette co\u00fbtait 2 euros.<\/em> Il faut donc \u00e9crire\u00a0: <em>1,5 kilom\u00e8tre.<\/em> <strong>Pas de S en dessous de 2. \u00a0<\/strong><\/p>\n","protected":false},"excerpt":{"rendered":"<p>Quelques devoirs de vacances&#8230;\u00a0Cinq phrases, cinq erreurs. Et la question pi\u00e8ge de la semaine : faut-il \u00e9crire ballade ou balade ? Si vous \u00eates un habitu\u00e9 de ma Page Facebook\u00a0&#8211;\u00a0www.facebook.com\/EcrivainBiographe\/ &#8211; vous avez d\u00e9j\u00e0 lu (et entendu) la r\u00e9ponse. Ce cours de philo nous incite \u00e0 penser diff\u00e9ramment. La stagiaire est toute \u00e9pat\u00e9e de l\u2019assurance [&hellip;]<\/p>\n","protected":false},"author":1,"featured_media":0,"comment_status":"open","ping_status":"open","sticky":false,"template":"","format":"standard","meta":{"_et_pb_use_builder":"","_et_pb_old_content":"","_et_gb_content_width":"","footnotes":""},"categories":[7,9],"tags":[],"yoast_head":"<!-- This site is optimized with the Yoast SEO plugin v22.5 - https:\/\/yoast.com\/wordpress\/plugins\/seo\/ -->\n<title>BLOG - Sans faute (3) - Sur le chemin des mots<\/title>\n<meta name=\"robots\" content=\"index, follow, max-snippet:-1, max-image-preview:large, max-video-preview:-1\" \/>\n<link rel=\"canonical\" href=\"https:\/\/surlechemindesmots.fr\/index.php\/2016\/10\/25\/blog-faute-3\/\" \/>\n<meta property=\"og:locale\" content=\"fr_FR\" \/>\n<meta property=\"og:type\" content=\"article\" \/>\n<meta property=\"og:title\" content=\"BLOG - Sans faute (3) - Sur le chemin des mots\" \/>\n<meta property=\"og:description\" content=\"Quelques devoirs de vacances&#8230;\u00a0Cinq phrases, cinq erreurs. Et la question pi\u00e8ge de la semaine : faut-il \u00e9crire ballade ou balade ? Si vous \u00eates un habitu\u00e9 de ma Page Facebook\u00a0&#8211;\u00a0www.facebook.com\/EcrivainBiographe\/ &#8211; vous avez d\u00e9j\u00e0 lu (et entendu) la r\u00e9ponse. Ce cours de philo nous incite \u00e0 penser diff\u00e9ramment. La stagiaire est toute \u00e9pat\u00e9e de l\u2019assurance [&hellip;]\" \/>\n<meta property=\"og:url\" content=\"https:\/\/surlechemindesmots.fr\/index.php\/2016\/10\/25\/blog-faute-3\/\" \/>\n<meta property=\"og:site_name\" content=\"Sur le chemin des mots\" \/>\n<meta property=\"article:published_time\" content=\"2016-10-25T10:06:05+00:00\" \/>\n<meta property=\"article:modified_time\" content=\"2016-11-18T22:07:45+00:00\" \/>\n<meta name=\"author\" content=\"admin6725\" \/>\n<meta name=\"twitter:card\" content=\"summary_large_image\" \/>\n<meta name=\"twitter:label1\" content=\"\u00c9crit par\" \/>\n\t<meta name=\"twitter:data1\" content=\"admin6725\" \/>\n\t<meta name=\"twitter:label2\" content=\"Dur\u00e9e de lecture estim\u00e9e\" \/>\n\t<meta name=\"twitter:data2\" content=\"1 minute\" \/>\n<script type=\"application\/ld+json\" class=\"yoast-schema-graph\">{\"@context\":\"https:\/\/schema.org\",\"@graph\":[{\"@type\":\"WebPage\",\"@id\":\"https:\/\/surlechemindesmots.fr\/index.php\/2016\/10\/25\/blog-faute-3\/\",\"url\":\"https:\/\/surlechemindesmots.fr\/index.php\/2016\/10\/25\/blog-faute-3\/\",\"name\":\"BLOG - Sans faute (3) - Sur le chemin des mots\",\"isPartOf\":{\"@id\":\"https:\/\/surlechemindesmots.fr\/#website\"},\"datePublished\":\"2016-10-25T10:06:05+00:00\",\"dateModified\":\"2016-11-18T22:07:45+00:00\",\"author\":{\"@id\":\"https:\/\/surlechemindesmots.fr\/#\/schema\/person\/da8025621f87eae67bec096ad691f696\"},\"breadcrumb\":{\"@id\":\"https:\/\/surlechemindesmots.fr\/index.php\/2016\/10\/25\/blog-faute-3\/#breadcrumb\"},\"inLanguage\":\"fr-FR\",\"potentialAction\":[{\"@type\":\"ReadAction\",\"target\":[\"https:\/\/surlechemindesmots.fr\/index.php\/2016\/10\/25\/blog-faute-3\/\"]}]},{\"@type\":\"BreadcrumbList\",\"@id\":\"https:\/\/surlechemindesmots.fr\/index.php\/2016\/10\/25\/blog-faute-3\/#breadcrumb\",\"itemListElement\":[{\"@type\":\"ListItem\",\"position\":1,\"name\":\"Accueil\",\"item\":\"https:\/\/surlechemindesmots.fr\/\"},{\"@type\":\"ListItem\",\"position\":2,\"name\":\"BLOG &#8211; Sans faute (3)\"}]},{\"@type\":\"WebSite\",\"@id\":\"https:\/\/surlechemindesmots.fr\/#website\",\"url\":\"https:\/\/surlechemindesmots.fr\/\",\"name\":\"Sur le chemin des mots\",\"description\":\"\",\"potentialAction\":[{\"@type\":\"SearchAction\",\"target\":{\"@type\":\"EntryPoint\",\"urlTemplate\":\"https:\/\/surlechemindesmots.fr\/?s={search_term_string}\"},\"query-input\":\"required name=search_term_string\"}],\"inLanguage\":\"fr-FR\"},{\"@type\":\"Person\",\"@id\":\"https:\/\/surlechemindesmots.fr\/#\/schema\/person\/da8025621f87eae67bec096ad691f696\",\"name\":\"admin6725\",\"image\":{\"@type\":\"ImageObject\",\"inLanguage\":\"fr-FR\",\"@id\":\"https:\/\/surlechemindesmots.fr\/#\/schema\/person\/image\/\",\"url\":\"https:\/\/secure.gravatar.com\/avatar\/bdc8c1f1937cce0767f29507d214f032?s=96&d=mm&r=g\",\"contentUrl\":\"https:\/\/secure.gravatar.com\/avatar\/bdc8c1f1937cce0767f29507d214f032?s=96&d=mm&r=g\",\"caption\":\"admin6725\"},\"url\":\"https:\/\/surlechemindesmots.fr\/index.php\/author\/admin6725\/\"}]}<\/script>\n<!-- \/ Yoast SEO plugin. -->","yoast_head_json":{"title":"BLOG - Sans faute (3) - Sur le chemin des mots","robots":{"index":"index","follow":"follow","max-snippet":"max-snippet:-1","max-image-preview":"max-image-preview:large","max-video-preview":"max-video-preview:-1"},"canonical":"https:\/\/surlechemindesmots.fr\/index.php\/2016\/10\/25\/blog-faute-3\/","og_locale":"fr_FR","og_type":"article","og_title":"BLOG - Sans faute (3) - Sur le chemin des mots","og_description":"Quelques devoirs de vacances&#8230;\u00a0Cinq phrases, cinq erreurs. Et la question pi\u00e8ge de la semaine : faut-il \u00e9crire ballade ou balade ? Si vous \u00eates un habitu\u00e9 de ma Page Facebook\u00a0&#8211;\u00a0www.facebook.com\/EcrivainBiographe\/ &#8211; vous avez d\u00e9j\u00e0 lu (et entendu) la r\u00e9ponse. Ce cours de philo nous incite \u00e0 penser diff\u00e9ramment. La stagiaire est toute \u00e9pat\u00e9e de l\u2019assurance [&hellip;]","og_url":"https:\/\/surlechemindesmots.fr\/index.php\/2016\/10\/25\/blog-faute-3\/","og_site_name":"Sur le chemin des mots","article_published_time":"2016-10-25T10:06:05+00:00","article_modified_time":"2016-11-18T22:07:45+00:00","author":"admin6725","twitter_card":"summary_large_image","twitter_misc":{"\u00c9crit par":"admin6725","Dur\u00e9e de lecture estim\u00e9e":"1 minute"},"schema":{"@context":"https:\/\/schema.org","@graph":[{"@type":"WebPage","@id":"https:\/\/surlechemindesmots.fr\/index.php\/2016\/10\/25\/blog-faute-3\/","url":"https:\/\/surlechemindesmots.fr\/index.php\/2016\/10\/25\/blog-faute-3\/","name":"BLOG - Sans faute (3) - Sur le chemin des mots","isPartOf":{"@id":"https:\/\/surlechemindesmots.fr\/#website"},"datePublished":"2016-10-25T10:06:05+00:00","dateModified":"2016-11-18T22:07:45+00:00","author":{"@id":"https:\/\/surlechemindesmots.fr\/#\/schema\/person\/da8025621f87eae67bec096ad691f696"},"breadcrumb":{"@id":"https:\/\/surlechemindesmots.fr\/index.php\/2016\/10\/25\/blog-faute-3\/#breadcrumb"},"inLanguage":"fr-FR","potentialAction":[{"@type":"ReadAction","target":["https:\/\/surlechemindesmots.fr\/index.php\/2016\/10\/25\/blog-faute-3\/"]}]},{"@type":"BreadcrumbList","@id":"https:\/\/surlechemindesmots.fr\/index.php\/2016\/10\/25\/blog-faute-3\/#breadcrumb","itemListElement":[{"@type":"ListItem","position":1,"name":"Accueil","item":"https:\/\/surlechemindesmots.fr\/"},{"@type":"ListItem","position":2,"name":"BLOG &#8211; Sans faute (3)"}]},{"@type":"WebSite","@id":"https:\/\/surlechemindesmots.fr\/#website","url":"https:\/\/surlechemindesmots.fr\/","name":"Sur le chemin des mots","description":"","potentialAction":[{"@type":"SearchAction","target":{"@type":"EntryPoint","urlTemplate":"https:\/\/surlechemindesmots.fr\/?s={search_term_string}"},"query-input":"required name=search_term_string"}],"inLanguage":"fr-FR"},{"@type":"Person","@id":"https:\/\/surlechemindesmots.fr\/#\/schema\/person\/da8025621f87eae67bec096ad691f696","name":"admin6725","image":{"@type":"ImageObject","inLanguage":"fr-FR","@id":"https:\/\/surlechemindesmots.fr\/#\/schema\/person\/image\/","url":"https:\/\/secure.gravatar.com\/avatar\/bdc8c1f1937cce0767f29507d214f032?s=96&d=mm&r=g","contentUrl":"https:\/\/secure.gravatar.com\/avatar\/bdc8c1f1937cce0767f29507d214f032?s=96&d=mm&r=g","caption":"admin6725"},"url":"https:\/\/surlechemindesmots.fr\/index.php\/author\/admin6725\/"}]}},"_links":{"self":[{"href":"https:\/\/surlechemindesmots.fr\/index.php\/wp-json\/wp\/v2\/posts\/1762"}],"collection":[{"href":"https:\/\/surlechemindesmots.fr\/index.php\/wp-json\/wp\/v2\/posts"}],"about":[{"href":"https:\/\/surlechemindesmots.fr\/index.php\/wp-json\/wp\/v2\/types\/post"}],"author":[{"embeddable":true,"href":"https:\/\/surlechemindesmots.fr\/index.php\/wp-json\/wp\/v2\/users\/1"}],"replies":[{"embeddable":true,"href":"https:\/\/surlechemindesmots.fr\/index.php\/wp-json\/wp\/v2\/comments?post=1762"}],"version-history":[{"count":5,"href":"https:\/\/surlechemindesmots.fr\/index.php\/wp-json\/wp\/v2\/posts\/1762\/revisions"}],"predecessor-version":[{"id":1767,"href":"https:\/\/surlechemindesmots.fr\/index.php\/wp-json\/wp\/v2\/posts\/1762\/revisions\/1767"}],"wp:attachment":[{"href":"https:\/\/surlechemindesmots.fr\/index.php\/wp-json\/wp\/v2\/media?parent=1762"}],"wp:term":[{"taxonomy":"category","embeddable":true,"href":"https:\/\/surlechemindesmots.fr\/index.php\/wp-json\/wp\/v2\/categories?post=1762"},{"taxonomy":"post_tag","embeddable":true,"href":"https:\/\/surlechemindesmots.fr\/index.php\/wp-json\/wp\/v2\/tags?post=1762"}],"curies":[{"name":"wp","href":"https:\/\/api.w.org\/{rel}","templated":true}]}}