{"id":1796,"date":"2016-11-10T21:56:41","date_gmt":"2016-11-10T20:56:41","guid":{"rendered":"http:\/\/surlechemindesmots.fr\/?p=1796"},"modified":"2016-12-04T22:30:02","modified_gmt":"2016-12-04T21:30:02","slug":"blog-celebrer-commemorer","status":"publish","type":"post","link":"https:\/\/surlechemindesmots.fr\/index.php\/2016\/11\/10\/blog-celebrer-commemorer\/","title":{"rendered":"BLOG &#8211; C\u00e9l\u00e9brer ou comm\u00e9morer ?"},"content":{"rendered":"<p style=\"text-align: justify;\"><img loading=\"lazy\" decoding=\"async\" class=\"alignleft size-full wp-image-1798\" src=\"https:\/\/surlechemindesmots.fr\/wp-content\/uploads\/2016\/11\/laguerreestfinie.jpg\" alt=\"laguerreestfinie\" width=\"318\" height=\"158\" srcset=\"https:\/\/surlechemindesmots.fr\/wp-content\/uploads\/2016\/11\/laguerreestfinie.jpg 318w, https:\/\/surlechemindesmots.fr\/wp-content\/uploads\/2016\/11\/laguerreestfinie-300x149.jpg 300w\" sizes=\"(max-width: 318px) 100vw, 318px\" \/>On <em>f\u00eate<\/em> ou on <em>c\u00e9l\u00e8bre<\/em> un anniversaire, on ne le &#8220;comm\u00e9more&#8221; pas, car &#8220;comm\u00e9morer&#8221;, c&#8217;est remettre en m\u00e9moire un \u00e9v\u00e9nement. En fait, on <em>comm\u00e9more<\/em> l&#8217;\u00e9v\u00e9nement dont on <em>c\u00e9l\u00e8bre<\/em> l&#8217;anniversaire ! Exemple : demain, vendredi 11 novembre, nous <em>comm\u00e9morerons<\/em> l\u2019armistice de 1918 ou on <em>c\u00e9l\u00e8bre<\/em> l&#8217;anniversaire de ce fait historique. Autre exemple : chaque 14 juillet, on <em>comm\u00e9more<\/em> la prise de la Bastille et on c\u00e9l\u00e8bre l&#8217;anniversaire du 14 juillet 1789. Comm\u00e9morer le souvenir (remettre en m\u00e9moire un souvenir&#8230;) est donc un pl\u00e9onasme !<\/p>\n<p style=\"text-align: justify;\">La question pi\u00e8ge de la semaine : <strong>avoir affaire <\/strong>ou<strong> avoir \u00e0 faire\u00a0? <\/strong>La r\u00e9ponse la semaine prochaine sur ce blog.<\/p>\n<p style=\"text-align: justify;\">Au \u00ab\u00a0Sans faute \u00bb de la semaine derni\u00e8re, il fallait \u00e9crire :<\/p>\n<ol>\n<li style=\"text-align: justify;\">Ce cours de philo nous incite \u00e0 penser <strong>diff\u00e9remment.<\/strong><\/li>\n<li style=\"text-align: justify;\">La stagiaire est <strong>tout<\/strong> \u00e9pat\u00e9e de l\u2019assurance dont tu fais preuve avec les clients.<\/li>\n<li style=\"text-align: justify;\"><strong>Ci-joint<\/strong> les formulaires \u00e0 compl\u00e9ter.<\/li>\n<li style=\"text-align: justify;\">Tu devrais adresser directement ta r\u00e9clamation au <strong>fabricant.<\/strong><\/li>\n<li style=\"text-align: justify;\">As-tu vu l\u2019heure\u00a0? Tu n\u2019\u00e9tais pas <strong>cens\u00e9<\/strong> rentrer si tard.<\/li>\n<\/ol>\n","protected":false},"excerpt":{"rendered":"<p>On f\u00eate ou on c\u00e9l\u00e8bre un anniversaire, on ne le &#8220;comm\u00e9more&#8221; pas, car &#8220;comm\u00e9morer&#8221;, c&#8217;est remettre en m\u00e9moire un \u00e9v\u00e9nement. En fait, on comm\u00e9more l&#8217;\u00e9v\u00e9nement dont on c\u00e9l\u00e8bre l&#8217;anniversaire ! Exemple : demain, vendredi 11 novembre, nous comm\u00e9morerons l\u2019armistice de 1918 ou on c\u00e9l\u00e8bre l&#8217;anniversaire de ce fait historique. Autre exemple : chaque 14 juillet, [&hellip;]<\/p>\n","protected":false},"author":1,"featured_media":0,"comment_status":"open","ping_status":"open","sticky":false,"template":"","format":"standard","meta":{"_et_pb_use_builder":"","_et_pb_old_content":"","_et_gb_content_width":"","footnotes":""},"categories":[11,9],"tags":[],"yoast_head":"<!-- This site is optimized with the Yoast SEO plugin v22.5 - https:\/\/yoast.com\/wordpress\/plugins\/seo\/ -->\n<title>BLOG - C\u00e9l\u00e9brer ou comm\u00e9morer ? - Sur le chemin des mots<\/title>\n<meta name=\"robots\" content=\"index, follow, max-snippet:-1, max-image-preview:large, max-video-preview:-1\" \/>\n<link rel=\"canonical\" href=\"https:\/\/surlechemindesmots.fr\/index.php\/2016\/11\/10\/blog-celebrer-commemorer\/\" \/>\n<meta property=\"og:locale\" content=\"fr_FR\" \/>\n<meta property=\"og:type\" content=\"article\" \/>\n<meta property=\"og:title\" content=\"BLOG - C\u00e9l\u00e9brer ou comm\u00e9morer ? - Sur le chemin des mots\" \/>\n<meta property=\"og:description\" content=\"On f\u00eate ou on c\u00e9l\u00e8bre un anniversaire, on ne le &#8220;comm\u00e9more&#8221; pas, car &#8220;comm\u00e9morer&#8221;, c&#8217;est remettre en m\u00e9moire un \u00e9v\u00e9nement. En fait, on comm\u00e9more l&#8217;\u00e9v\u00e9nement dont on c\u00e9l\u00e8bre l&#8217;anniversaire ! Exemple : demain, vendredi 11 novembre, nous comm\u00e9morerons l\u2019armistice de 1918 ou on c\u00e9l\u00e8bre l&#8217;anniversaire de ce fait historique. Autre exemple : chaque 14 juillet, [&hellip;]\" \/>\n<meta property=\"og:url\" content=\"https:\/\/surlechemindesmots.fr\/index.php\/2016\/11\/10\/blog-celebrer-commemorer\/\" \/>\n<meta property=\"og:site_name\" content=\"Sur le chemin des mots\" \/>\n<meta property=\"article:published_time\" content=\"2016-11-10T20:56:41+00:00\" \/>\n<meta property=\"article:modified_time\" content=\"2016-12-04T21:30:02+00:00\" \/>\n<meta property=\"og:image\" content=\"http:\/\/surlechemindesmots.fr\/wp-content\/uploads\/2016\/11\/laguerreestfinie.jpg\" \/>\n<meta name=\"author\" content=\"admin6725\" \/>\n<meta name=\"twitter:card\" content=\"summary_large_image\" \/>\n<meta name=\"twitter:label1\" content=\"\u00c9crit par\" \/>\n\t<meta name=\"twitter:data1\" content=\"admin6725\" \/>\n\t<meta name=\"twitter:label2\" content=\"Dur\u00e9e de lecture estim\u00e9e\" \/>\n\t<meta name=\"twitter:data2\" content=\"1 minute\" \/>\n<script type=\"application\/ld+json\" class=\"yoast-schema-graph\">{\"@context\":\"https:\/\/schema.org\",\"@graph\":[{\"@type\":\"WebPage\",\"@id\":\"https:\/\/surlechemindesmots.fr\/index.php\/2016\/11\/10\/blog-celebrer-commemorer\/\",\"url\":\"https:\/\/surlechemindesmots.fr\/index.php\/2016\/11\/10\/blog-celebrer-commemorer\/\",\"name\":\"BLOG - C\u00e9l\u00e9brer ou comm\u00e9morer ? - Sur le chemin des mots\",\"isPartOf\":{\"@id\":\"https:\/\/surlechemindesmots.fr\/#website\"},\"primaryImageOfPage\":{\"@id\":\"https:\/\/surlechemindesmots.fr\/index.php\/2016\/11\/10\/blog-celebrer-commemorer\/#primaryimage\"},\"image\":{\"@id\":\"https:\/\/surlechemindesmots.fr\/index.php\/2016\/11\/10\/blog-celebrer-commemorer\/#primaryimage\"},\"thumbnailUrl\":\"http:\/\/surlechemindesmots.fr\/wp-content\/uploads\/2016\/11\/laguerreestfinie.jpg\",\"datePublished\":\"2016-11-10T20:56:41+00:00\",\"dateModified\":\"2016-12-04T21:30:02+00:00\",\"author\":{\"@id\":\"https:\/\/surlechemindesmots.fr\/#\/schema\/person\/da8025621f87eae67bec096ad691f696\"},\"breadcrumb\":{\"@id\":\"https:\/\/surlechemindesmots.fr\/index.php\/2016\/11\/10\/blog-celebrer-commemorer\/#breadcrumb\"},\"inLanguage\":\"fr-FR\",\"potentialAction\":[{\"@type\":\"ReadAction\",\"target\":[\"https:\/\/surlechemindesmots.fr\/index.php\/2016\/11\/10\/blog-celebrer-commemorer\/\"]}]},{\"@type\":\"ImageObject\",\"inLanguage\":\"fr-FR\",\"@id\":\"https:\/\/surlechemindesmots.fr\/index.php\/2016\/11\/10\/blog-celebrer-commemorer\/#primaryimage\",\"url\":\"http:\/\/surlechemindesmots.fr\/wp-content\/uploads\/2016\/11\/laguerreestfinie.jpg\",\"contentUrl\":\"http:\/\/surlechemindesmots.fr\/wp-content\/uploads\/2016\/11\/laguerreestfinie.jpg\"},{\"@type\":\"BreadcrumbList\",\"@id\":\"https:\/\/surlechemindesmots.fr\/index.php\/2016\/11\/10\/blog-celebrer-commemorer\/#breadcrumb\",\"itemListElement\":[{\"@type\":\"ListItem\",\"position\":1,\"name\":\"Accueil\",\"item\":\"https:\/\/surlechemindesmots.fr\/\"},{\"@type\":\"ListItem\",\"position\":2,\"name\":\"BLOG &#8211; C\u00e9l\u00e9brer ou comm\u00e9morer ?\"}]},{\"@type\":\"WebSite\",\"@id\":\"https:\/\/surlechemindesmots.fr\/#website\",\"url\":\"https:\/\/surlechemindesmots.fr\/\",\"name\":\"Sur le chemin des mots\",\"description\":\"\",\"potentialAction\":[{\"@type\":\"SearchAction\",\"target\":{\"@type\":\"EntryPoint\",\"urlTemplate\":\"https:\/\/surlechemindesmots.fr\/?s={search_term_string}\"},\"query-input\":\"required name=search_term_string\"}],\"inLanguage\":\"fr-FR\"},{\"@type\":\"Person\",\"@id\":\"https:\/\/surlechemindesmots.fr\/#\/schema\/person\/da8025621f87eae67bec096ad691f696\",\"name\":\"admin6725\",\"image\":{\"@type\":\"ImageObject\",\"inLanguage\":\"fr-FR\",\"@id\":\"https:\/\/surlechemindesmots.fr\/#\/schema\/person\/image\/\",\"url\":\"https:\/\/secure.gravatar.com\/avatar\/bdc8c1f1937cce0767f29507d214f032?s=96&d=mm&r=g\",\"contentUrl\":\"https:\/\/secure.gravatar.com\/avatar\/bdc8c1f1937cce0767f29507d214f032?s=96&d=mm&r=g\",\"caption\":\"admin6725\"},\"url\":\"https:\/\/surlechemindesmots.fr\/index.php\/author\/admin6725\/\"}]}<\/script>\n<!-- \/ Yoast SEO plugin. -->","yoast_head_json":{"title":"BLOG - C\u00e9l\u00e9brer ou comm\u00e9morer ? - Sur le chemin des mots","robots":{"index":"index","follow":"follow","max-snippet":"max-snippet:-1","max-image-preview":"max-image-preview:large","max-video-preview":"max-video-preview:-1"},"canonical":"https:\/\/surlechemindesmots.fr\/index.php\/2016\/11\/10\/blog-celebrer-commemorer\/","og_locale":"fr_FR","og_type":"article","og_title":"BLOG - C\u00e9l\u00e9brer ou comm\u00e9morer ? - Sur le chemin des mots","og_description":"On f\u00eate ou on c\u00e9l\u00e8bre un anniversaire, on ne le &#8220;comm\u00e9more&#8221; pas, car &#8220;comm\u00e9morer&#8221;, c&#8217;est remettre en m\u00e9moire un \u00e9v\u00e9nement. En fait, on comm\u00e9more l&#8217;\u00e9v\u00e9nement dont on c\u00e9l\u00e8bre l&#8217;anniversaire ! Exemple : demain, vendredi 11 novembre, nous comm\u00e9morerons l\u2019armistice de 1918 ou on c\u00e9l\u00e8bre l&#8217;anniversaire de ce fait historique. Autre exemple : chaque 14 juillet, [&hellip;]","og_url":"https:\/\/surlechemindesmots.fr\/index.php\/2016\/11\/10\/blog-celebrer-commemorer\/","og_site_name":"Sur le chemin des mots","article_published_time":"2016-11-10T20:56:41+00:00","article_modified_time":"2016-12-04T21:30:02+00:00","og_image":[{"url":"http:\/\/surlechemindesmots.fr\/wp-content\/uploads\/2016\/11\/laguerreestfinie.jpg"}],"author":"admin6725","twitter_card":"summary_large_image","twitter_misc":{"\u00c9crit par":"admin6725","Dur\u00e9e de lecture estim\u00e9e":"1 minute"},"schema":{"@context":"https:\/\/schema.org","@graph":[{"@type":"WebPage","@id":"https:\/\/surlechemindesmots.fr\/index.php\/2016\/11\/10\/blog-celebrer-commemorer\/","url":"https:\/\/surlechemindesmots.fr\/index.php\/2016\/11\/10\/blog-celebrer-commemorer\/","name":"BLOG - C\u00e9l\u00e9brer ou comm\u00e9morer ? - Sur le chemin des mots","isPartOf":{"@id":"https:\/\/surlechemindesmots.fr\/#website"},"primaryImageOfPage":{"@id":"https:\/\/surlechemindesmots.fr\/index.php\/2016\/11\/10\/blog-celebrer-commemorer\/#primaryimage"},"image":{"@id":"https:\/\/surlechemindesmots.fr\/index.php\/2016\/11\/10\/blog-celebrer-commemorer\/#primaryimage"},"thumbnailUrl":"http:\/\/surlechemindesmots.fr\/wp-content\/uploads\/2016\/11\/laguerreestfinie.jpg","datePublished":"2016-11-10T20:56:41+00:00","dateModified":"2016-12-04T21:30:02+00:00","author":{"@id":"https:\/\/surlechemindesmots.fr\/#\/schema\/person\/da8025621f87eae67bec096ad691f696"},"breadcrumb":{"@id":"https:\/\/surlechemindesmots.fr\/index.php\/2016\/11\/10\/blog-celebrer-commemorer\/#breadcrumb"},"inLanguage":"fr-FR","potentialAction":[{"@type":"ReadAction","target":["https:\/\/surlechemindesmots.fr\/index.php\/2016\/11\/10\/blog-celebrer-commemorer\/"]}]},{"@type":"ImageObject","inLanguage":"fr-FR","@id":"https:\/\/surlechemindesmots.fr\/index.php\/2016\/11\/10\/blog-celebrer-commemorer\/#primaryimage","url":"http:\/\/surlechemindesmots.fr\/wp-content\/uploads\/2016\/11\/laguerreestfinie.jpg","contentUrl":"http:\/\/surlechemindesmots.fr\/wp-content\/uploads\/2016\/11\/laguerreestfinie.jpg"},{"@type":"BreadcrumbList","@id":"https:\/\/surlechemindesmots.fr\/index.php\/2016\/11\/10\/blog-celebrer-commemorer\/#breadcrumb","itemListElement":[{"@type":"ListItem","position":1,"name":"Accueil","item":"https:\/\/surlechemindesmots.fr\/"},{"@type":"ListItem","position":2,"name":"BLOG &#8211; C\u00e9l\u00e9brer ou comm\u00e9morer ?"}]},{"@type":"WebSite","@id":"https:\/\/surlechemindesmots.fr\/#website","url":"https:\/\/surlechemindesmots.fr\/","name":"Sur le chemin des mots","description":"","potentialAction":[{"@type":"SearchAction","target":{"@type":"EntryPoint","urlTemplate":"https:\/\/surlechemindesmots.fr\/?s={search_term_string}"},"query-input":"required name=search_term_string"}],"inLanguage":"fr-FR"},{"@type":"Person","@id":"https:\/\/surlechemindesmots.fr\/#\/schema\/person\/da8025621f87eae67bec096ad691f696","name":"admin6725","image":{"@type":"ImageObject","inLanguage":"fr-FR","@id":"https:\/\/surlechemindesmots.fr\/#\/schema\/person\/image\/","url":"https:\/\/secure.gravatar.com\/avatar\/bdc8c1f1937cce0767f29507d214f032?s=96&d=mm&r=g","contentUrl":"https:\/\/secure.gravatar.com\/avatar\/bdc8c1f1937cce0767f29507d214f032?s=96&d=mm&r=g","caption":"admin6725"},"url":"https:\/\/surlechemindesmots.fr\/index.php\/author\/admin6725\/"}]}},"_links":{"self":[{"href":"https:\/\/surlechemindesmots.fr\/index.php\/wp-json\/wp\/v2\/posts\/1796"}],"collection":[{"href":"https:\/\/surlechemindesmots.fr\/index.php\/wp-json\/wp\/v2\/posts"}],"about":[{"href":"https:\/\/surlechemindesmots.fr\/index.php\/wp-json\/wp\/v2\/types\/post"}],"author":[{"embeddable":true,"href":"https:\/\/surlechemindesmots.fr\/index.php\/wp-json\/wp\/v2\/users\/1"}],"replies":[{"embeddable":true,"href":"https:\/\/surlechemindesmots.fr\/index.php\/wp-json\/wp\/v2\/comments?post=1796"}],"version-history":[{"count":3,"href":"https:\/\/surlechemindesmots.fr\/index.php\/wp-json\/wp\/v2\/posts\/1796\/revisions"}],"predecessor-version":[{"id":1801,"href":"https:\/\/surlechemindesmots.fr\/index.php\/wp-json\/wp\/v2\/posts\/1796\/revisions\/1801"}],"wp:attachment":[{"href":"https:\/\/surlechemindesmots.fr\/index.php\/wp-json\/wp\/v2\/media?parent=1796"}],"wp:term":[{"taxonomy":"category","embeddable":true,"href":"https:\/\/surlechemindesmots.fr\/index.php\/wp-json\/wp\/v2\/categories?post=1796"},{"taxonomy":"post_tag","embeddable":true,"href":"https:\/\/surlechemindesmots.fr\/index.php\/wp-json\/wp\/v2\/tags?post=1796"}],"curies":[{"name":"wp","href":"https:\/\/api.w.org\/{rel}","templated":true}]}}