{"id":1848,"date":"2016-12-28T01:25:28","date_gmt":"2016-12-28T00:25:28","guid":{"rendered":"http:\/\/surlechemindesmots.fr\/?p=1848"},"modified":"2016-12-28T08:45:49","modified_gmt":"2016-12-28T07:45:49","slug":"deja-noel","status":"publish","type":"post","link":"https:\/\/surlechemindesmots.fr\/index.php\/2016\/12\/28\/deja-noel\/","title":{"rendered":"Pensez-y pour&#8230; l&#8217;ann\u00e9e prochaine !"},"content":{"rendered":"<p style=\"text-align: justify;\"><strong><img loading=\"lazy\" decoding=\"async\" class=\"alignleft wp-image-1849\" src=\"https:\/\/surlechemindesmots.fr\/wp-content\/uploads\/2016\/12\/book-1760993_640.jpg\" alt=\"book-1760993_640\" width=\"372\" height=\"189\" srcset=\"https:\/\/surlechemindesmots.fr\/wp-content\/uploads\/2016\/12\/book-1760993_640.jpg 640w, https:\/\/surlechemindesmots.fr\/wp-content\/uploads\/2016\/12\/book-1760993_640-300x152.jpg 300w\" sizes=\"(max-width: 372px) 100vw, 372px\" \/>Trouver un livre au pied du sapin, voil\u00e0 qui n\u2019a rien de tr\u00e8s original, me direz-vous. Mais s\u2019il s\u2019agit d\u2019un livre de souvenirs &#8211; vos souvenirs ou ceux de vos parents, d&#8217;un proche\u2026 &#8211; l\u2019\u00e9motion est garantie. Pour tout le monde. Alors, pensez-y pour le prochain No\u00ebl, par exemple ! \u00a0\u00a0<\/strong><\/p>\n<p>&nbsp;<\/p>\n<p>&nbsp;<\/p>\n<p>Sachant que l\u2019\u00e9criture d\u2019un livre \u2013 <em>a fortiori<\/em> celui d\u2019une vie\u2026 \u2013 prend un peu de temps. D\u2019o\u00f9 ma proposition : nous rencontrer, en d\u00e9but d&#8217;ann\u00e9e, si l&#8217;id\u00e9e vous trotte dans la t\u00eate. Ne serait-ce que pour \u00e9changer sur ce tr\u00e8s beau projet.<\/p>\n<p>Ce premier rendez-vous est gratuit et sans engagement.\u00a0Je vous parlerai de ma fa\u00e7on de travailler.\u00a0De l\u2019aide que je peux vous apporter dans l\u2019\u00e9criture de cette histoire. Vous m\u2019expliquerez en d\u00e9tail vos attentes et vos contraintes. Vos craintes, peut-\u00eatre.\u00a0Je vous donnerai quelques pistes pour mobiliser vos souvenirs\u00a0!<\/p>\n<p>Nous parlerons, bien s\u00fbr, du temps, du budget et des documents dont vous disposez (photos, cartes postales, lettres\u2026). Certes, aucune vie, aucune histoire, n\u2019est semblable. Et l\u2019\u00e9criture n\u2019est pas non plus une science exacte.\u00a0Toutefois, j\u2019\u00e9tablirai un devis \u2013 ce qui vous laissera encore un temps de r\u00e9flexion avant de prendre une d\u00e9cision \u2013 gratuit et personnalis\u00e9. Il \u00ab\u00a0estimera\u00a0\u00bb le co\u00fbt du livre de votre vie.<\/p>\n<p>Et si vous choisissez de m\u2019accorder votre confiance, nous conviendrons d\u2019une date pour nous revoir et commencer le travail proprement dit.<\/p>\n<p>Sachez \u00e9galement que si vous avez d\u00e9j\u00e0 \u00e9crit un texte n\u00e9cessitant surtout une relecture-correction, voire la r\u00e9\u00e9criture de certains passages, je peux aussi vous aider. N\u2019h\u00e9sitez donc pas \u00e0 me contacter au 06 37 37 40 58 ou \u00e0 l&#8217;adresse : contact@surlechemindesmots.fr<\/p>\n<p>A l&#8217;ann\u00e9e prochaine !<\/p>\n","protected":false},"excerpt":{"rendered":"<p>Trouver un livre au pied du sapin, voil\u00e0 qui n\u2019a rien de tr\u00e8s original, me direz-vous. Mais s\u2019il s\u2019agit d\u2019un livre de souvenirs &#8211; vos souvenirs ou ceux de vos parents, d&#8217;un proche\u2026 &#8211; l\u2019\u00e9motion est garantie. Pour tout le monde. Alors, pensez-y pour le prochain No\u00ebl, par exemple ! \u00a0\u00a0 &nbsp; &nbsp; Sachant que [&hellip;]<\/p>\n","protected":false},"author":1,"featured_media":0,"comment_status":"open","ping_status":"open","sticky":true,"template":"","format":"standard","meta":{"_et_pb_use_builder":"","_et_pb_old_content":"","_et_gb_content_width":"","footnotes":""},"categories":[16,14],"tags":[],"yoast_head":"<!-- This site is optimized with the Yoast SEO plugin v22.5 - https:\/\/yoast.com\/wordpress\/plugins\/seo\/ -->\n<title>Pensez-y pour... l&#039;ann\u00e9e prochaine ! - Sur le chemin des mots<\/title>\n<meta name=\"robots\" content=\"index, follow, max-snippet:-1, max-image-preview:large, max-video-preview:-1\" \/>\n<link rel=\"canonical\" href=\"https:\/\/surlechemindesmots.fr\/index.php\/2016\/12\/28\/deja-noel\/\" \/>\n<meta property=\"og:locale\" content=\"fr_FR\" \/>\n<meta property=\"og:type\" content=\"article\" \/>\n<meta property=\"og:title\" content=\"Pensez-y pour... l&#039;ann\u00e9e prochaine ! - Sur le chemin des mots\" \/>\n<meta property=\"og:description\" content=\"Trouver un livre au pied du sapin, voil\u00e0 qui n\u2019a rien de tr\u00e8s original, me direz-vous. Mais s\u2019il s\u2019agit d\u2019un livre de souvenirs &#8211; vos souvenirs ou ceux de vos parents, d&#8217;un proche\u2026 &#8211; l\u2019\u00e9motion est garantie. Pour tout le monde. Alors, pensez-y pour le prochain No\u00ebl, par exemple ! \u00a0\u00a0 &nbsp; &nbsp; Sachant que [&hellip;]\" \/>\n<meta property=\"og:url\" content=\"https:\/\/surlechemindesmots.fr\/index.php\/2016\/12\/28\/deja-noel\/\" \/>\n<meta property=\"og:site_name\" content=\"Sur le chemin des mots\" \/>\n<meta property=\"article:published_time\" content=\"2016-12-28T00:25:28+00:00\" \/>\n<meta property=\"article:modified_time\" content=\"2016-12-28T07:45:49+00:00\" \/>\n<meta property=\"og:image\" content=\"http:\/\/surlechemindesmots.fr\/wp-content\/uploads\/2016\/12\/book-1760993_640.jpg\" \/>\n<meta name=\"author\" content=\"admin6725\" \/>\n<meta name=\"twitter:card\" content=\"summary_large_image\" \/>\n<meta name=\"twitter:label1\" content=\"\u00c9crit par\" \/>\n\t<meta name=\"twitter:data1\" content=\"admin6725\" \/>\n\t<meta name=\"twitter:label2\" content=\"Dur\u00e9e de lecture estim\u00e9e\" \/>\n\t<meta name=\"twitter:data2\" content=\"2 minutes\" \/>\n<script type=\"application\/ld+json\" class=\"yoast-schema-graph\">{\"@context\":\"https:\/\/schema.org\",\"@graph\":[{\"@type\":\"WebPage\",\"@id\":\"https:\/\/surlechemindesmots.fr\/index.php\/2016\/12\/28\/deja-noel\/\",\"url\":\"https:\/\/surlechemindesmots.fr\/index.php\/2016\/12\/28\/deja-noel\/\",\"name\":\"Pensez-y pour... l'ann\u00e9e prochaine ! - Sur le chemin des mots\",\"isPartOf\":{\"@id\":\"https:\/\/surlechemindesmots.fr\/#website\"},\"primaryImageOfPage\":{\"@id\":\"https:\/\/surlechemindesmots.fr\/index.php\/2016\/12\/28\/deja-noel\/#primaryimage\"},\"image\":{\"@id\":\"https:\/\/surlechemindesmots.fr\/index.php\/2016\/12\/28\/deja-noel\/#primaryimage\"},\"thumbnailUrl\":\"http:\/\/surlechemindesmots.fr\/wp-content\/uploads\/2016\/12\/book-1760993_640.jpg\",\"datePublished\":\"2016-12-28T00:25:28+00:00\",\"dateModified\":\"2016-12-28T07:45:49+00:00\",\"author\":{\"@id\":\"https:\/\/surlechemindesmots.fr\/#\/schema\/person\/da8025621f87eae67bec096ad691f696\"},\"breadcrumb\":{\"@id\":\"https:\/\/surlechemindesmots.fr\/index.php\/2016\/12\/28\/deja-noel\/#breadcrumb\"},\"inLanguage\":\"fr-FR\",\"potentialAction\":[{\"@type\":\"ReadAction\",\"target\":[\"https:\/\/surlechemindesmots.fr\/index.php\/2016\/12\/28\/deja-noel\/\"]}]},{\"@type\":\"ImageObject\",\"inLanguage\":\"fr-FR\",\"@id\":\"https:\/\/surlechemindesmots.fr\/index.php\/2016\/12\/28\/deja-noel\/#primaryimage\",\"url\":\"http:\/\/surlechemindesmots.fr\/wp-content\/uploads\/2016\/12\/book-1760993_640.jpg\",\"contentUrl\":\"http:\/\/surlechemindesmots.fr\/wp-content\/uploads\/2016\/12\/book-1760993_640.jpg\"},{\"@type\":\"BreadcrumbList\",\"@id\":\"https:\/\/surlechemindesmots.fr\/index.php\/2016\/12\/28\/deja-noel\/#breadcrumb\",\"itemListElement\":[{\"@type\":\"ListItem\",\"position\":1,\"name\":\"Accueil\",\"item\":\"https:\/\/surlechemindesmots.fr\/\"},{\"@type\":\"ListItem\",\"position\":2,\"name\":\"Pensez-y pour&#8230; l&#8217;ann\u00e9e prochaine !\"}]},{\"@type\":\"WebSite\",\"@id\":\"https:\/\/surlechemindesmots.fr\/#website\",\"url\":\"https:\/\/surlechemindesmots.fr\/\",\"name\":\"Sur le chemin des mots\",\"description\":\"\",\"potentialAction\":[{\"@type\":\"SearchAction\",\"target\":{\"@type\":\"EntryPoint\",\"urlTemplate\":\"https:\/\/surlechemindesmots.fr\/?s={search_term_string}\"},\"query-input\":\"required name=search_term_string\"}],\"inLanguage\":\"fr-FR\"},{\"@type\":\"Person\",\"@id\":\"https:\/\/surlechemindesmots.fr\/#\/schema\/person\/da8025621f87eae67bec096ad691f696\",\"name\":\"admin6725\",\"image\":{\"@type\":\"ImageObject\",\"inLanguage\":\"fr-FR\",\"@id\":\"https:\/\/surlechemindesmots.fr\/#\/schema\/person\/image\/\",\"url\":\"https:\/\/secure.gravatar.com\/avatar\/bdc8c1f1937cce0767f29507d214f032?s=96&d=mm&r=g\",\"contentUrl\":\"https:\/\/secure.gravatar.com\/avatar\/bdc8c1f1937cce0767f29507d214f032?s=96&d=mm&r=g\",\"caption\":\"admin6725\"},\"url\":\"https:\/\/surlechemindesmots.fr\/index.php\/author\/admin6725\/\"}]}<\/script>\n<!-- \/ Yoast SEO plugin. -->","yoast_head_json":{"title":"Pensez-y pour... l'ann\u00e9e prochaine ! - Sur le chemin des mots","robots":{"index":"index","follow":"follow","max-snippet":"max-snippet:-1","max-image-preview":"max-image-preview:large","max-video-preview":"max-video-preview:-1"},"canonical":"https:\/\/surlechemindesmots.fr\/index.php\/2016\/12\/28\/deja-noel\/","og_locale":"fr_FR","og_type":"article","og_title":"Pensez-y pour... l'ann\u00e9e prochaine ! - Sur le chemin des mots","og_description":"Trouver un livre au pied du sapin, voil\u00e0 qui n\u2019a rien de tr\u00e8s original, me direz-vous. Mais s\u2019il s\u2019agit d\u2019un livre de souvenirs &#8211; vos souvenirs ou ceux de vos parents, d&#8217;un proche\u2026 &#8211; l\u2019\u00e9motion est garantie. Pour tout le monde. Alors, pensez-y pour le prochain No\u00ebl, par exemple ! \u00a0\u00a0 &nbsp; &nbsp; Sachant que [&hellip;]","og_url":"https:\/\/surlechemindesmots.fr\/index.php\/2016\/12\/28\/deja-noel\/","og_site_name":"Sur le chemin des mots","article_published_time":"2016-12-28T00:25:28+00:00","article_modified_time":"2016-12-28T07:45:49+00:00","og_image":[{"url":"http:\/\/surlechemindesmots.fr\/wp-content\/uploads\/2016\/12\/book-1760993_640.jpg"}],"author":"admin6725","twitter_card":"summary_large_image","twitter_misc":{"\u00c9crit par":"admin6725","Dur\u00e9e de lecture estim\u00e9e":"2 minutes"},"schema":{"@context":"https:\/\/schema.org","@graph":[{"@type":"WebPage","@id":"https:\/\/surlechemindesmots.fr\/index.php\/2016\/12\/28\/deja-noel\/","url":"https:\/\/surlechemindesmots.fr\/index.php\/2016\/12\/28\/deja-noel\/","name":"Pensez-y pour... l'ann\u00e9e prochaine ! - Sur le chemin des mots","isPartOf":{"@id":"https:\/\/surlechemindesmots.fr\/#website"},"primaryImageOfPage":{"@id":"https:\/\/surlechemindesmots.fr\/index.php\/2016\/12\/28\/deja-noel\/#primaryimage"},"image":{"@id":"https:\/\/surlechemindesmots.fr\/index.php\/2016\/12\/28\/deja-noel\/#primaryimage"},"thumbnailUrl":"http:\/\/surlechemindesmots.fr\/wp-content\/uploads\/2016\/12\/book-1760993_640.jpg","datePublished":"2016-12-28T00:25:28+00:00","dateModified":"2016-12-28T07:45:49+00:00","author":{"@id":"https:\/\/surlechemindesmots.fr\/#\/schema\/person\/da8025621f87eae67bec096ad691f696"},"breadcrumb":{"@id":"https:\/\/surlechemindesmots.fr\/index.php\/2016\/12\/28\/deja-noel\/#breadcrumb"},"inLanguage":"fr-FR","potentialAction":[{"@type":"ReadAction","target":["https:\/\/surlechemindesmots.fr\/index.php\/2016\/12\/28\/deja-noel\/"]}]},{"@type":"ImageObject","inLanguage":"fr-FR","@id":"https:\/\/surlechemindesmots.fr\/index.php\/2016\/12\/28\/deja-noel\/#primaryimage","url":"http:\/\/surlechemindesmots.fr\/wp-content\/uploads\/2016\/12\/book-1760993_640.jpg","contentUrl":"http:\/\/surlechemindesmots.fr\/wp-content\/uploads\/2016\/12\/book-1760993_640.jpg"},{"@type":"BreadcrumbList","@id":"https:\/\/surlechemindesmots.fr\/index.php\/2016\/12\/28\/deja-noel\/#breadcrumb","itemListElement":[{"@type":"ListItem","position":1,"name":"Accueil","item":"https:\/\/surlechemindesmots.fr\/"},{"@type":"ListItem","position":2,"name":"Pensez-y pour&#8230; l&#8217;ann\u00e9e prochaine !"}]},{"@type":"WebSite","@id":"https:\/\/surlechemindesmots.fr\/#website","url":"https:\/\/surlechemindesmots.fr\/","name":"Sur le chemin des mots","description":"","potentialAction":[{"@type":"SearchAction","target":{"@type":"EntryPoint","urlTemplate":"https:\/\/surlechemindesmots.fr\/?s={search_term_string}"},"query-input":"required name=search_term_string"}],"inLanguage":"fr-FR"},{"@type":"Person","@id":"https:\/\/surlechemindesmots.fr\/#\/schema\/person\/da8025621f87eae67bec096ad691f696","name":"admin6725","image":{"@type":"ImageObject","inLanguage":"fr-FR","@id":"https:\/\/surlechemindesmots.fr\/#\/schema\/person\/image\/","url":"https:\/\/secure.gravatar.com\/avatar\/bdc8c1f1937cce0767f29507d214f032?s=96&d=mm&r=g","contentUrl":"https:\/\/secure.gravatar.com\/avatar\/bdc8c1f1937cce0767f29507d214f032?s=96&d=mm&r=g","caption":"admin6725"},"url":"https:\/\/surlechemindesmots.fr\/index.php\/author\/admin6725\/"}]}},"_links":{"self":[{"href":"https:\/\/surlechemindesmots.fr\/index.php\/wp-json\/wp\/v2\/posts\/1848"}],"collection":[{"href":"https:\/\/surlechemindesmots.fr\/index.php\/wp-json\/wp\/v2\/posts"}],"about":[{"href":"https:\/\/surlechemindesmots.fr\/index.php\/wp-json\/wp\/v2\/types\/post"}],"author":[{"embeddable":true,"href":"https:\/\/surlechemindesmots.fr\/index.php\/wp-json\/wp\/v2\/users\/1"}],"replies":[{"embeddable":true,"href":"https:\/\/surlechemindesmots.fr\/index.php\/wp-json\/wp\/v2\/comments?post=1848"}],"version-history":[{"count":12,"href":"https:\/\/surlechemindesmots.fr\/index.php\/wp-json\/wp\/v2\/posts\/1848\/revisions"}],"predecessor-version":[{"id":1864,"href":"https:\/\/surlechemindesmots.fr\/index.php\/wp-json\/wp\/v2\/posts\/1848\/revisions\/1864"}],"wp:attachment":[{"href":"https:\/\/surlechemindesmots.fr\/index.php\/wp-json\/wp\/v2\/media?parent=1848"}],"wp:term":[{"taxonomy":"category","embeddable":true,"href":"https:\/\/surlechemindesmots.fr\/index.php\/wp-json\/wp\/v2\/categories?post=1848"},{"taxonomy":"post_tag","embeddable":true,"href":"https:\/\/surlechemindesmots.fr\/index.php\/wp-json\/wp\/v2\/tags?post=1848"}],"curies":[{"name":"wp","href":"https:\/\/api.w.org\/{rel}","templated":true}]}}